{"id":2971,"date":"2026-01-23T14:42:35","date_gmt":"2026-01-23T13:42:35","guid":{"rendered":"https:\/\/www.taborova-rodina.cz\/?p=2971"},"modified":"2026-02-23T08:31:05","modified_gmt":"2026-02-23T07:31:05","slug":"zde-je-novy-plakatek","status":"publish","type":"post","link":"https:\/\/www.taborova-rodina.cz\/index.php\/zde-je-novy-plakatek\/","title":{"rendered":"P\u0159ihla\u0161ov\u00e1n\u00ed d\u011bti\u010dek spu\u0161t\u011bno :)"},"content":{"rendered":"<p><strong>P\u0159ihla\u0161ov\u00e1n\u00ed spu\u0161t\u011bno! \ud83d\ude42 V\u0161echny informace v z\u00e1lo\u017ece ,,Jak se p\u0159ihl\u00e1sit&#8220;<\/strong><\/p>\n<p><a href=\"https:\/\/www.taborova-rodina.cz\/wp-content\/uploads\/2026\/01\/Tabor-2026-scaled.jpeg\" data-rel=\"lightbox-image-0\" data-rl_title=\"\" data-rl_caption=\"\" title=\"\"><img loading=\"lazy\" decoding=\"async\" class=\"alignnone size-medium wp-image-2972\" src=\"https:\/\/www.taborova-rodina.cz\/wp-content\/uploads\/2026\/01\/Tabor-2026-212x300.jpeg\" alt=\"\" width=\"212\" height=\"300\" srcset=\"https:\/\/www.taborova-rodina.cz\/wp-content\/uploads\/2026\/01\/Tabor-2026-212x300.jpeg 212w, https:\/\/www.taborova-rodina.cz\/wp-content\/uploads\/2026\/01\/Tabor-2026-724x1024.jpeg 724w, https:\/\/www.taborova-rodina.cz\/wp-content\/uploads\/2026\/01\/Tabor-2026-768x1086.jpeg 768w, https:\/\/www.taborova-rodina.cz\/wp-content\/uploads\/2026\/01\/Tabor-2026-1086x1536.jpeg 1086w, https:\/\/www.taborova-rodina.cz\/wp-content\/uploads\/2026\/01\/Tabor-2026-1448x2048.jpeg 1448w, https:\/\/www.taborova-rodina.cz\/wp-content\/uploads\/2026\/01\/Tabor-2026-scaled.jpeg 1810w\" sizes=\"auto, (max-width: 212px) 100vw, 212px\" \/><\/a><\/p>\n<p>V\u00e1\u017een\u00ed rodi\u010de na\u0161ich t\u00e1born\u00edk\u016f,<\/p>\n<p>\u00b7 Ch\u00e1peme, \u017ee si d\u011bti p\u0159ej\u00ed b\u00fdt na t\u00e1bo\u0159e se sv\u00fdmi kamar\u00e1dy a rodi\u010de jim to cht\u011bj\u00ed dop\u0159\u00e1t. I my bychom si to p\u0159\u00e1li, ale mus\u00edme se \u0159\u00eddit mo\u017enostmi ubytov\u00e1n\u00ed a spravedliv\u00fdm rozd\u011blen\u00edm do odd\u00edl\u016f.<\/p>\n<p>\u00b7 Chatky i pokoje maj\u00ed kapacitu maxim\u00e1ln\u011b 4 d\u011bti, proto bohu\u017eel nen\u00ed mo\u017en\u00e9 ubytovat nap\u0159\u00edklad p\u011bt kamar\u00e1dek \u010di kamar\u00e1d\u016f dohromady. Stejn\u011b tak d\u011bti rozd\u011blujeme do odd\u00edl\u016f podle v\u011bku tak, aby byl program vhodn\u00fd pro v\u0161echny \u2013 ne v\u017edy tedy m\u016f\u017eeme d\u00e1t v\u0161echny kamar\u00e1dy do jednoho odd\u00edlu.<\/p>\n<p>\u00b7 U sourozenc\u016f se n\u00e1m z dlouholet\u00e9 praxe osv\u011bd\u010dilo jejich rozd\u011blen\u00ed do r\u016fzn\u00fdch odd\u00edl\u016f. D\u011bti si tak mohou od sebe trochu odpo\u010dinout a p\u0159edejde se zbyte\u010dn\u00fdm h\u00e1dk\u00e1m \u010di smutku, kdy\u017e se jednomu n\u011bco nepovede a druh\u00fd to siln\u011b pro\u017e\u00edv\u00e1.<\/p>\n<p>\u00b7 Do chatek ubytov\u00e1v\u00e1me d\u011bti od 10 let, mlad\u0161\u00ed d\u011bti maj\u00ed k dispozici pokoje s v\u011bt\u0161\u00edm komfortem a dohledem.<\/p>\n<p>\u00b7 Velmi si v\u00e1\u017e\u00edme d\u016fv\u011bry rodi\u010d\u016f a sna\u017e\u00edme se p\u0159\u00e1n\u00edm vych\u00e1zet vst\u0159\u00edc, jak jen to jde. Z\u00e1rove\u0148 v\u0161ak mus\u00edme nastavit jasn\u00e1 pravidla, aby t\u00e1bor mohl fungovat spravedliv\u011b a v pohod\u011b pro v\u0161echny d\u011bti. D\u011bkujeme za pochopen\u00ed a spolupr\u00e1ci \u2013 spole\u010dn\u00fdm c\u00edlem je spokojen\u00fd a bezpe\u010dn\u00fd t\u00e1bor pro ka\u017ed\u00e9ho.<\/p>\n","protected":false},"excerpt":{"rendered":"<p>P\u0159ihla\u0161ov\u00e1n\u00ed spu\u0161t\u011bno! \ud83d\ude42 V\u0161echny informace v z\u00e1lo\u017ece ,,Jak se p\u0159ihl\u00e1sit&#8220; V\u00e1\u017een\u00ed rodi\u010de na\u0161ich t\u00e1born\u00edk\u016f, \u00b7 Ch\u00e1peme, \u017ee si d\u011bti p\u0159ej\u00ed b\u00fdt na t\u00e1bo\u0159e se sv\u00fdmi kamar\u00e1dy a rodi\u010de jim to cht\u011bj\u00ed dop\u0159\u00e1t. I my bychom si to p\u0159\u00e1li, ale mus\u00edme se \u0159\u00eddit mo\u017enostmi ubytov\u00e1n\u00ed a spravedliv\u00fdm rozd\u011blen\u00edm do odd\u00edl\u016f. \u00b7 Chatky i pokoje maj\u00ed kapacitu [&hellip;]<\/p>\n","protected":false},"author":5,"featured_media":0,"comment_status":"closed","ping_status":"open","sticky":true,"template":"","format":"standard","meta":{"footnotes":""},"categories":[1],"tags":[],"class_list":["post-2971","post","type-post","status-publish","format-standard","hentry","category-aktuality"],"featured_image_urls":{},"appp_media":null,"_links":{"self":[{"href":"https:\/\/www.taborova-rodina.cz\/index.php\/wp-json\/wp\/v2\/posts\/2971","targetHints":{"allow":["GET"]}}],"collection":[{"href":"https:\/\/www.taborova-rodina.cz\/index.php\/wp-json\/wp\/v2\/posts"}],"about":[{"href":"https:\/\/www.taborova-rodina.cz\/index.php\/wp-json\/wp\/v2\/types\/post"}],"author":[{"embeddable":true,"href":"https:\/\/www.taborova-rodina.cz\/index.php\/wp-json\/wp\/v2\/users\/5"}],"replies":[{"embeddable":true,"href":"https:\/\/www.taborova-rodina.cz\/index.php\/wp-json\/wp\/v2\/comments?post=2971"}],"version-history":[{"count":5,"href":"https:\/\/www.taborova-rodina.cz\/index.php\/wp-json\/wp\/v2\/posts\/2971\/revisions"}],"predecessor-version":[{"id":2989,"href":"https:\/\/www.taborova-rodina.cz\/index.php\/wp-json\/wp\/v2\/posts\/2971\/revisions\/2989"}],"wp:attachment":[{"href":"https:\/\/www.taborova-rodina.cz\/index.php\/wp-json\/wp\/v2\/media?parent=2971"}],"wp:term":[{"taxonomy":"category","embeddable":true,"href":"https:\/\/www.taborova-rodina.cz\/index.php\/wp-json\/wp\/v2\/categories?post=2971"},{"taxonomy":"post_tag","embeddable":true,"href":"https:\/\/www.taborova-rodina.cz\/index.php\/wp-json\/wp\/v2\/tags?post=2971"}],"curies":[{"name":"wp","href":"https:\/\/api.w.org\/{rel}","templated":true}]}}